{"id":477,"date":"2026-08-31T08:25:23","date_gmt":"2026-08-31T07:25:23","guid":{"rendered":"https:\/\/www.portalett.com\/blog\/?p=477"},"modified":"2026-08-31T08:25:23","modified_gmt":"2026-08-31T07:25:23","slug":"el-mercado-laboral-cierra-julio-con-un-comportamiento-dual","status":"publish","type":"post","link":"https:\/\/www.portalett.com\/blog\/?p=477","title":{"rendered":"El mercado laboral cierra julio con un comportamiento dual"},"content":{"rendered":"\n<h3 class=\"wp-block-heading\">El mercado laboral cierra julio con un comportamiento dual<\/h3>\n\n\n\n<p class=\"wp-block-paragraph\">El Observatorio de las Ocupaciones del SEPE confirma en su informe de julio una evoluci\u00f3n positiva en t\u00e9rminos interanuales, aunque con se\u00f1ales de desaceleraci\u00f3n estacional. El desempleo se sit\u00faa en 2,31 millones de personas, un 3,87% menos que en julio de 2025, pero el paro repunt\u00f3 un 0,85% respecto al mes anterior, reflejando la p\u00e9rdida de dinamismo t\u00edpica del arranque del verano. La contrataci\u00f3n registr\u00f3 1,59 millones de contratos en el mes.<\/p>\n\n\n\n<h3 class=\"wp-block-heading\">Registro horario, SMI y despido: la recta final de la legislatura de Yolanda D\u00edaz<\/h3>\n\n\n\n<p class=\"wp-block-paragraph\">La vicepresidenta segunda encara su \u00faltimo a\u00f1o de mandato con varias reformas pendientes de cerrar \u2014registro horario, SMI y regulaci\u00f3n del despido\u2014 mientras se prepara para presentarse a la presidencia de la OIT el pr\u00f3ximo noviembre. Sobre el registro horario, un abogado laboralista recuerda a El Confidencial que la ley ya obliga a las empresas a llevar un registro que refleje realmente las horas trabajadas, incluidas las extraordinarias, y que el trabajador puede solicitar una copia para comprobarlo.<\/p>\n\n\n\n<h3 class=\"wp-block-heading\">Entra en vigor la nueva jubilaci\u00f3n flexible<\/h3>\n\n\n\n<p class=\"wp-block-paragraph\">Desde el pasado viernes 28 de agosto es oficial: el Real Decreto que reforma la jubilaci\u00f3n flexible ha entrado en vigor, permitiendo compatibilizar pensi\u00f3n y actividad laboral con mejores condiciones \u2014incluida la eliminaci\u00f3n del periodo de carencia\u2014 y extendiendo por primera vez esta posibilidad a los aut\u00f3nomos, que hasta ahora quedaban pr\u00e1cticamente excluidos. Sin embargo, la organizaci\u00f3n UPTA ha denunciado que el dise\u00f1o de la norma sigue dejando a los trabajadores por cuenta propia en desventaja frente a los asalariados, y reclama que puedan percibir al menos el 75% de la pensi\u00f3n desde el inicio de la compatibilidad.<\/p>\n\n\n\n<h3 class=\"wp-block-heading\">Uno de cada tres trabajadores se plantea un cambio tras el verano<\/h3>\n\n\n\n<p class=\"wp-block-paragraph\">El Informe sobre Intenci\u00f3n de Cambio de Empleo de InfoJobs revela que algo m\u00e1s de un tercio de los trabajadores espa\u00f1oles contempla cambiar de puesto en los pr\u00f3ximos doce meses, y no solo por motivos salariales: la vuelta de vacaciones suele actuar como momento de reflexi\u00f3n sobre el propio futuro profesional. En un plano distinto pero relacionado con el relevo generacional, el comercio de proximidad ha perdido 9.201 aut\u00f3nomos en el \u00faltimo a\u00f1o, con proyecciones que apuntan a la desaparici\u00f3n de la mitad de las tiendas tradicionales en una d\u00e9cada por falta de continuidad generacional, aunque el trabajo aut\u00f3nomo en su conjunto ha crecido en m\u00e1s de 60.000 personas en el mismo periodo.<\/p>\n\n\n\n<h3 class=\"wp-block-heading\">Formaci\u00f3n y programas de inserci\u00f3n para j\u00f3venes y colectivos vulnerables<\/h3>\n\n\n\n<p class=\"wp-block-paragraph\">El SEPE mantiene una intensa actividad en materia de formaci\u00f3n e inserci\u00f3n: arrancan 24 nuevas Lanzaderas de Empleo en los Hubs de Activaci\u00f3n de la Empleabilidad, que ofrecer\u00e1n orientaci\u00f3n laboral gratuita hasta enero de 2027; el Plan de Empleo Municipal Gij\u00f3n\/Xix\u00f3n Futuro 2026-2027 da trabajo a 40 personas con especiales dificultades de acceso al mercado laboral; y 36 universidades espa\u00f1olas desarrollar\u00e1n programas de formaci\u00f3n para el empleo dirigidos a j\u00f3venes con discapacidad intelectual en el curso 2026\/27. A ello se suman convocatorias m\u00e1s espec\u00edficas: subvenciones del SEPE a corporaciones locales de C\u00e1diz para proyectos de inter\u00e9s social, un curso gratuito de IA para emprender dirigido a j\u00f3venes de Garant\u00eda Juvenil, y el cierre del programa Upro, que ha formado a m\u00e1s de 23.500 profesionales en competencias digitales e inteligencia artificial durante casi diez meses.<\/p>\n","protected":false},"excerpt":{"rendered":"<p>El mercado laboral cierra julio con un comportamiento dual El Observatorio de las Ocupaciones del SEPE confirma en su informe de julio una evoluci\u00f3n positiva en t\u00e9rminos interanuales, aunque con se\u00f1ales de desaceleraci\u00f3n estacional. El desempleo se sit\u00faa en 2,31 &hellip; <a href=\"https:\/\/www.portalett.com\/blog\/?p=477\">Sigue leyendo <span class=\"meta-nav\">&rarr;<\/span><\/a><\/p>\n","protected":false},"author":1,"featured_media":0,"comment_status":"closed","ping_status":"closed","sticky":false,"template":"","format":"standard","meta":{"footnotes":""},"categories":[1],"tags":[],"class_list":["post-477","post","type-post","status-publish","format-standard","hentry","category-etts"],"_links":{"self":[{"href":"https:\/\/www.portalett.com\/blog\/index.php?rest_route=\/wp\/v2\/posts\/477","targetHints":{"allow":["GET"]}}],"collection":[{"href":"https:\/\/www.portalett.com\/blog\/index.php?rest_route=\/wp\/v2\/posts"}],"about":[{"href":"https:\/\/www.portalett.com\/blog\/index.php?rest_route=\/wp\/v2\/types\/post"}],"author":[{"embeddable":true,"href":"https:\/\/www.portalett.com\/blog\/index.php?rest_route=\/wp\/v2\/users\/1"}],"replies":[{"embeddable":true,"href":"https:\/\/www.portalett.com\/blog\/index.php?rest_route=%2Fwp%2Fv2%2Fcomments&post=477"}],"version-history":[{"count":1,"href":"https:\/\/www.portalett.com\/blog\/index.php?rest_route=\/wp\/v2\/posts\/477\/revisions"}],"predecessor-version":[{"id":478,"href":"https:\/\/www.portalett.com\/blog\/index.php?rest_route=\/wp\/v2\/posts\/477\/revisions\/478"}],"wp:attachment":[{"href":"https:\/\/www.portalett.com\/blog\/index.php?rest_route=%2Fwp%2Fv2%2Fmedia&parent=477"}],"wp:term":[{"taxonomy":"category","embeddable":true,"href":"https:\/\/www.portalett.com\/blog\/index.php?rest_route=%2Fwp%2Fv2%2Fcategories&post=477"},{"taxonomy":"post_tag","embeddable":true,"href":"https:\/\/www.portalett.com\/blog\/index.php?rest_route=%2Fwp%2Fv2%2Ftags&post=477"}],"curies":[{"name":"wp","href":"https:\/\/api.w.org\/{rel}","templated":true}]}}